{"id":23720,"date":"2022-12-06T07:34:41","date_gmt":"2022-12-06T07:34:41","guid":{"rendered":"https:\/\/actusdigital.com\/actus-digital-poursuit-son-expansion-en-europe-avec-un-nouveau-vice-president-des-ventes-vice-president-des-ventes\/"},"modified":"2024-12-18T11:21:31","modified_gmt":"2024-12-18T11:21:31","slug":"actus-digital-poursuit-son-expansion-en-europe-avec-un-nouveau-vice-president-des-ventes-vice-president-des-ventes","status":"publish","type":"post","link":"https:\/\/actusdigital.com\/fr\/actus-digital-poursuit-son-expansion-en-europe-avec-un-nouveau-vice-president-des-ventes-vice-president-des-ventes\/","title":{"rendered":"<strong>Actus Digital poursuit son expansion en Europe avec un nouveau vice-pr\u00e9sident des ventes <\/strong><strong>Vice-pr\u00e9sident des ventes<\/strong>"},"content":{"rendered":"<p>[et_pb_section fb_built=\u00a0\u00bb1&Prime; _builder_version=\u00a0\u00bb4.6.6&Prime; _module_preset=\u00a0\u00bbdefault\u00a0\u00bb custom_padding=\u00a0\u00bb30px|||||\u00a0\u00bb custom_margin=\u00a0\u00bb||-93px|||\u00a0\u00bb][et_pb_row _builder_version=\u00a0\u00bb4.6.6&Prime; _module_preset=\u00a0\u00bbdefault\u00a0\u00bb][et_pb_column type=\u00a0\u00bb4_4&Prime; _builder_version=\u00a0\u00bb4.6.6&Prime; _module_preset=\u00a0\u00bbdefault\u00a0\u00bb][et_pb_text _builder_version=\u00a0\u00bb4.6.6&Prime; _module_preset=\u00a0\u00bbdefault\u00a0\u00bb text_font=\u00a0\u00bb|300|||||||\u00a0\u00bb text_text_color=\u00a0\u00bb#231f20&Prime; text_line_height=\u00a0\u00bb1.5em\u00a0\u00bb]<\/p>\n<h2><strong><em>S&rsquo;appuyant sur une d\u00e9cennie d&rsquo;exp\u00e9rience, Janis Jekabsons r\u00e9pondra \u00e0 la demande croissante d&rsquo;enregistrement de la conformit\u00e9 et de surveillance des m\u00e9dias bas\u00e9e sur l&rsquo;IA <\/em><\/strong><span style=\"font-size: x-large;\"><strong><em>en Europe<\/em><\/strong><\/span><\/h2>\n<p><strong>BOSTON &#8211; Le 5 d\u00e9cembre 2022 &#8211; <\/strong><span><a href=\"https:\/\/actusdigital.com\/fr\/\">Actus Digital<\/a><\/span>Actus Digital, premier fournisseur de solutions pour l&rsquo;enregistrement de la conformit\u00e9 de la diffusion, la surveillance de la qualit\u00e9, les alertes, le montage avanc\u00e9, la r\u00e9utilisation du contenu et les flux de travail bas\u00e9s sur l&rsquo;IA, a annonc\u00e9 aujourd&rsquo;hui la nomination de Janis Jekabsons au poste de vice-pr\u00e9sident des ventes en Europe. Janis Jekabsons apporte \u00e0 Actus Digital plus d&rsquo;une d\u00e9cennie d&rsquo;exp\u00e9rience dans le secteur de la radiodiffusion. L&rsquo;objectif principal de Janis Jekabsons sera d&rsquo;accro\u00eetre la visibilit\u00e9 des solutions de contr\u00f4le et de conformit\u00e9 d&rsquo;Actus Digital, leaders sur le march\u00e9, aupr\u00e8s des radiodiffuseurs europ\u00e9ens et de fournir un soutien exceptionnel au nombre croissant de clients dans la r\u00e9gion. \u00ab\u00a0La r\u00e9gion europ\u00e9enne est essentielle pour Actus Digital, et nous disposons de ressources locales solides en mati\u00e8re de ventes, d&rsquo;assistance et de services apr\u00e8s-vente sur le territoire pour nos clients\u00a0\u00bb, a d\u00e9clar\u00e9 <span>Sima Levy, PDG d&rsquo;Actus Digital<\/span>. \u00ab\u00a0Avec Janis \u00e0 la t\u00eate des ventes europ\u00e9ennes, nous sommes pr\u00eats pour une croissance exceptionnelle. Sa grande expertise technique, sa compr\u00e9hension approfondie des syst\u00e8mes de diffusion, sa connaissance inn\u00e9e des besoins de nos clients et sa vision de l&rsquo;\u00e9volution du secteur seront d\u00e9terminantes pour nous aider \u00e0 nous d\u00e9velopper et \u00e0 mieux servir les entreprises de m\u00e9dias dans toute l&rsquo;Europe.\u00a0\u00bb Avant de rejoindre Actus Digital, M. Jekabsons a occup\u00e9 le poste d&rsquo;architecte de solutions avant-vente au sein de l&rsquo;\u00e9quipe charg\u00e9e des r\u00e9seaux et de l&rsquo;infrastructure IP de Grass Valley. Au cours des dix ann\u00e9es qu&rsquo;il a pass\u00e9es chez Grass Valley, il a occup\u00e9 des postes en contact avec la client\u00e8le, tant dans le cadre de projets de d\u00e9veloppement personnalis\u00e9s de diffusion int\u00e9gr\u00e9e que dans celui de l&rsquo;ing\u00e9nierie de projet. M. Jekabsons est titulaire d&rsquo;une double licence en sciences : l&rsquo;une en informatique, ing\u00e9nierie, automatisation et contr\u00f4le, et l&rsquo;autre en robotique et IA. \u00ab\u00a0Les entreprises de m\u00e9dias g\u00e8rent une quantit\u00e9 croissante de contenu et de donn\u00e9es, et elles ont besoin de solutions intelligentes pour am\u00e9liorer l&rsquo;efficacit\u00e9 des flux de travail OTT et de diffusion\u00a0\u00bb, a d\u00e9clar\u00e9 Jekabsons. \u00ab\u00a0Actus Digital est \u00e0 la pointe de l&rsquo;innovation avec sa plateforme de surveillance des m\u00e9dias bas\u00e9e sur l&rsquo;IA. Je suis impatient de partager la fa\u00e7on dont la plateforme d&rsquo;Actus Digital peut lib\u00e9rer une plus grande efficacit\u00e9 du flux de travail et des \u00e9conomies de co\u00fbts pour nos clients europ\u00e9ens de la radiodiffusion<span>.\u00a0\u00bb<\/span>  <\/p>\n<p>  <span>&nbsp;<\/span><\/p>\n<p>[\/et_pb_text][\/et_pb_column][\/et_pb_row][\/et_pb_section]<\/p>\n","protected":false},"excerpt":{"rendered":"<p>Actus Digital a annonc\u00e9 aujourd&rsquo;hui la nomination de Janis Jekabsons au poste de vice-pr\u00e9sident des ventes en Europe. Janis Jekabsons apporte \u00e0 Actus Digital plus d&rsquo;une d\u00e9cennie d&rsquo;exp\u00e9rience dans le secteur de la radiodiffusion. L&rsquo;objectif principal de Janis Jekabsons sera d&rsquo;accro\u00eetre la visibilit\u00e9 des solutions de contr\u00f4le et de conformit\u00e9 d&rsquo;Actus Digital, leaders sur le march\u00e9, aupr\u00e8s des diffuseurs europ\u00e9ens et de fournir un soutien exceptionnel au nombre croissant de clients dans la r\u00e9gion.    <\/p>\n","protected":false},"author":1,"featured_media":20411,"comment_status":"closed","ping_status":"closed","sticky":false,"template":"","format":"standard","meta":{"_et_pb_use_builder":"on","_et_pb_old_content":"","_et_gb_content_width":"","footnotes":""},"categories":[46,45],"tags":[],"class_list":["post-23720","post","type-post","status-publish","format-standard","has-post-thumbnail","hentry","category-actualites","category-blog-fr"],"yoast_head":"<!-- This site is optimized with the Yoast SEO plugin v27.2 - https:\/\/yoast.com\/product\/yoast-seo-wordpress\/ -->\n<title>Actus Digital Janis Jekabsons devient vice-pr\u00e9sident des ventes pour l&#039;Europe<\/title>\n<meta name=\"description\" content=\"Actus Digital a annonc\u00e9 aujourd&#039;hui la nomination de Janis Jekabsons au poste de vice-pr\u00e9sident des ventes en Europe.\" \/>\n<meta name=\"robots\" content=\"index, follow, max-snippet:-1, max-image-preview:large, max-video-preview:-1\" \/>\n<link rel=\"canonical\" href=\"https:\/\/actusdigital.com\/fr\/actus-digital-poursuit-son-expansion-en-europe-avec-un-nouveau-vice-president-des-ventes-vice-president-des-ventes\/\" \/>\n<meta property=\"og:locale\" content=\"fr_FR\" \/>\n<meta property=\"og:type\" content=\"article\" \/>\n<meta property=\"og:title\" content=\"Actus Digital Janis Jekabsons devient vice-pr\u00e9sident des ventes pour l&#039;Europe\" \/>\n<meta property=\"og:description\" content=\"Actus Digital a annonc\u00e9 aujourd&#039;hui la nomination de Janis Jekabsons au poste de vice-pr\u00e9sident des ventes en Europe.\" \/>\n<meta property=\"og:url\" content=\"https:\/\/actusdigital.com\/fr\/actus-digital-poursuit-son-expansion-en-europe-avec-un-nouveau-vice-president-des-ventes-vice-president-des-ventes\/\" \/>\n<meta property=\"og:site_name\" content=\"Actus Digital\" \/>\n<meta property=\"article:published_time\" content=\"2022-12-06T07:34:41+00:00\" \/>\n<meta property=\"article:modified_time\" content=\"2024-12-18T11:21:31+00:00\" \/>\n<meta property=\"og:image\" content=\"https:\/\/actusdigital.com\/wp-content\/uploads\/2022\/12\/Janis_Jekabsons-picture.jpg\" \/>\n\t<meta property=\"og:image:width\" content=\"1219\" \/>\n\t<meta property=\"og:image:height\" content=\"1200\" \/>\n\t<meta property=\"og:image:type\" content=\"image\/jpeg\" \/>\n<meta name=\"author\" content=\"admin\" \/>\n<meta name=\"twitter:card\" content=\"summary_large_image\" \/>\n<meta name=\"twitter:label1\" content=\"\u00c9crit par\" \/>\n\t<meta name=\"twitter:data1\" content=\"admin\" \/>\n\t<meta name=\"twitter:label2\" content=\"Dur\u00e9e de lecture estim\u00e9e\" \/>\n\t<meta name=\"twitter:data2\" content=\"3 minutes\" \/>\n<!-- \/ Yoast SEO plugin. -->","yoast_head_json":{"title":"Actus Digital Janis Jekabsons devient vice-pr\u00e9sident des ventes pour l'Europe","description":"Actus Digital a annonc\u00e9 aujourd'hui la nomination de Janis Jekabsons au poste de vice-pr\u00e9sident des ventes en Europe.","robots":{"index":"index","follow":"follow","max-snippet":"max-snippet:-1","max-image-preview":"max-image-preview:large","max-video-preview":"max-video-preview:-1"},"canonical":"https:\/\/actusdigital.com\/fr\/actus-digital-poursuit-son-expansion-en-europe-avec-un-nouveau-vice-president-des-ventes-vice-president-des-ventes\/","og_locale":"fr_FR","og_type":"article","og_title":"Actus Digital Janis Jekabsons devient vice-pr\u00e9sident des ventes pour l'Europe","og_description":"Actus Digital a annonc\u00e9 aujourd'hui la nomination de Janis Jekabsons au poste de vice-pr\u00e9sident des ventes en Europe.","og_url":"https:\/\/actusdigital.com\/fr\/actus-digital-poursuit-son-expansion-en-europe-avec-un-nouveau-vice-president-des-ventes-vice-president-des-ventes\/","og_site_name":"Actus Digital","article_published_time":"2022-12-06T07:34:41+00:00","article_modified_time":"2024-12-18T11:21:31+00:00","og_image":[{"width":1219,"height":1200,"url":"https:\/\/actusdigital.com\/wp-content\/uploads\/2022\/12\/Janis_Jekabsons-picture.jpg","type":"image\/jpeg"}],"author":"admin","twitter_card":"summary_large_image","twitter_misc":{"\u00c9crit par":"admin","Dur\u00e9e de lecture estim\u00e9e":"3 minutes"},"schema":{"@context":"https:\/\/schema.org","@graph":[{"@type":"Article","@id":"https:\/\/actusdigital.com\/fr\/actus-digital-poursuit-son-expansion-en-europe-avec-un-nouveau-vice-president-des-ventes-vice-president-des-ventes\/#article","isPartOf":{"@id":"https:\/\/actusdigital.com\/fr\/actus-digital-poursuit-son-expansion-en-europe-avec-un-nouveau-vice-president-des-ventes-vice-president-des-ventes\/"},"author":{"name":"admin","@id":"https:\/\/actusdigital.com\/fr\/#\/schema\/person\/9e8ea802c2295924778102c5ff72df40"},"headline":"Actus Digital poursuit son expansion en Europe avec un nouveau vice-pr\u00e9sident des ventes Vice-pr\u00e9sident des ventes","datePublished":"2022-12-06T07:34:41+00:00","dateModified":"2024-12-18T11:21:31+00:00","mainEntityOfPage":{"@id":"https:\/\/actusdigital.com\/fr\/actus-digital-poursuit-son-expansion-en-europe-avec-un-nouveau-vice-president-des-ventes-vice-president-des-ventes\/"},"wordCount":573,"publisher":{"@id":"https:\/\/actusdigital.com\/fr\/#organization"},"image":{"@id":"https:\/\/actusdigital.com\/fr\/actus-digital-poursuit-son-expansion-en-europe-avec-un-nouveau-vice-president-des-ventes-vice-president-des-ventes\/#primaryimage"},"thumbnailUrl":"https:\/\/actusdigital.com\/wp-content\/uploads\/2022\/12\/Janis_Jekabsons-picture.jpg","articleSection":["Actualit\u00e9s","Blog"],"inLanguage":"fr-FR"},{"@type":"WebPage","@id":"https:\/\/actusdigital.com\/fr\/actus-digital-poursuit-son-expansion-en-europe-avec-un-nouveau-vice-president-des-ventes-vice-president-des-ventes\/","url":"https:\/\/actusdigital.com\/fr\/actus-digital-poursuit-son-expansion-en-europe-avec-un-nouveau-vice-president-des-ventes-vice-president-des-ventes\/","name":"Actus Digital Janis Jekabsons devient vice-pr\u00e9sident des ventes pour l'Europe","isPartOf":{"@id":"https:\/\/actusdigital.com\/fr\/#website"},"primaryImageOfPage":{"@id":"https:\/\/actusdigital.com\/fr\/actus-digital-poursuit-son-expansion-en-europe-avec-un-nouveau-vice-president-des-ventes-vice-president-des-ventes\/#primaryimage"},"image":{"@id":"https:\/\/actusdigital.com\/fr\/actus-digital-poursuit-son-expansion-en-europe-avec-un-nouveau-vice-president-des-ventes-vice-president-des-ventes\/#primaryimage"},"thumbnailUrl":"https:\/\/actusdigital.com\/wp-content\/uploads\/2022\/12\/Janis_Jekabsons-picture.jpg","datePublished":"2022-12-06T07:34:41+00:00","dateModified":"2024-12-18T11:21:31+00:00","description":"Actus Digital a annonc\u00e9 aujourd'hui la nomination de Janis Jekabsons au poste de vice-pr\u00e9sident des ventes en Europe.","breadcrumb":{"@id":"https:\/\/actusdigital.com\/fr\/actus-digital-poursuit-son-expansion-en-europe-avec-un-nouveau-vice-president-des-ventes-vice-president-des-ventes\/#breadcrumb"},"inLanguage":"fr-FR","potentialAction":[{"@type":"ReadAction","target":["https:\/\/actusdigital.com\/fr\/actus-digital-poursuit-son-expansion-en-europe-avec-un-nouveau-vice-president-des-ventes-vice-president-des-ventes\/"]}]},{"@type":"ImageObject","inLanguage":"fr-FR","@id":"https:\/\/actusdigital.com\/fr\/actus-digital-poursuit-son-expansion-en-europe-avec-un-nouveau-vice-president-des-ventes-vice-president-des-ventes\/#primaryimage","url":"https:\/\/actusdigital.com\/wp-content\/uploads\/2022\/12\/Janis_Jekabsons-picture.jpg","contentUrl":"https:\/\/actusdigital.com\/wp-content\/uploads\/2022\/12\/Janis_Jekabsons-picture.jpg","width":1219,"height":1200},{"@type":"BreadcrumbList","@id":"https:\/\/actusdigital.com\/fr\/actus-digital-poursuit-son-expansion-en-europe-avec-un-nouveau-vice-president-des-ventes-vice-president-des-ventes\/#breadcrumb","itemListElement":[{"@type":"ListItem","position":1,"name":"Home","item":"https:\/\/actusdigital.com\/fr\/"},{"@type":"ListItem","position":2,"name":"Blog","item":"https:\/\/actusdigital.com\/fr\/category\/blog-fr\/"},{"@type":"ListItem","position":3,"name":"Actus Digital poursuit son expansion en Europe avec un nouveau vice-pr\u00e9sident des ventes Vice-pr\u00e9sident des ventes"}]},{"@type":"WebSite","@id":"https:\/\/actusdigital.com\/fr\/#website","url":"https:\/\/actusdigital.com\/fr\/","name":"Actus Digital","description":"Media Inteligence Platform","publisher":{"@id":"https:\/\/actusdigital.com\/fr\/#organization"},"potentialAction":[{"@type":"SearchAction","target":{"@type":"EntryPoint","urlTemplate":"https:\/\/actusdigital.com\/fr\/?s={search_term_string}"},"query-input":{"@type":"PropertyValueSpecification","valueRequired":true,"valueName":"search_term_string"}}],"inLanguage":"fr-FR"},{"@type":"Organization","@id":"https:\/\/actusdigital.com\/fr\/#organization","name":"Actus Digital","url":"https:\/\/actusdigital.com\/fr\/","logo":{"@type":"ImageObject","inLanguage":"fr-FR","@id":"https:\/\/actusdigital.com\/fr\/#\/schema\/logo\/image\/","url":"https:\/\/actusdigital.com\/wp-content\/uploads\/2024\/09\/20th-logo-on-light-.png","contentUrl":"https:\/\/actusdigital.com\/wp-content\/uploads\/2024\/09\/20th-logo-on-light-.png","width":210,"height":97,"caption":"Actus Digital"},"image":{"@id":"https:\/\/actusdigital.com\/fr\/#\/schema\/logo\/image\/"},"sameAs":["https:\/\/www.linkedin.com\/company\/actusdigital\/posts\/?feedView=all"]},{"@type":"Person","@id":"https:\/\/actusdigital.com\/fr\/#\/schema\/person\/9e8ea802c2295924778102c5ff72df40","name":"admin","image":{"@type":"ImageObject","inLanguage":"fr-FR","@id":"https:\/\/secure.gravatar.com\/avatar\/c86d405a33c055c31fa0c067d7707fc3b35c6f8559da5a35b5a33e32f3fa40a9?s=96&d=mm&r=g","url":"https:\/\/secure.gravatar.com\/avatar\/c86d405a33c055c31fa0c067d7707fc3b35c6f8559da5a35b5a33e32f3fa40a9?s=96&d=mm&r=g","contentUrl":"https:\/\/secure.gravatar.com\/avatar\/c86d405a33c055c31fa0c067d7707fc3b35c6f8559da5a35b5a33e32f3fa40a9?s=96&d=mm&r=g","caption":"admin"},"sameAs":["http:\/\/actusdigital.com"],"url":"https:\/\/actusdigital.com\/fr\/author\/admin\/"}]}},"_links":{"self":[{"href":"https:\/\/actusdigital.com\/fr\/wp-json\/wp\/v2\/posts\/23720","targetHints":{"allow":["GET"]}}],"collection":[{"href":"https:\/\/actusdigital.com\/fr\/wp-json\/wp\/v2\/posts"}],"about":[{"href":"https:\/\/actusdigital.com\/fr\/wp-json\/wp\/v2\/types\/post"}],"author":[{"embeddable":true,"href":"https:\/\/actusdigital.com\/fr\/wp-json\/wp\/v2\/users\/1"}],"replies":[{"embeddable":true,"href":"https:\/\/actusdigital.com\/fr\/wp-json\/wp\/v2\/comments?post=23720"}],"version-history":[{"count":2,"href":"https:\/\/actusdigital.com\/fr\/wp-json\/wp\/v2\/posts\/23720\/revisions"}],"predecessor-version":[{"id":23722,"href":"https:\/\/actusdigital.com\/fr\/wp-json\/wp\/v2\/posts\/23720\/revisions\/23722"}],"wp:featuredmedia":[{"embeddable":true,"href":"https:\/\/actusdigital.com\/fr\/wp-json\/wp\/v2\/media\/20411"}],"wp:attachment":[{"href":"https:\/\/actusdigital.com\/fr\/wp-json\/wp\/v2\/media?parent=23720"}],"wp:term":[{"taxonomy":"category","embeddable":true,"href":"https:\/\/actusdigital.com\/fr\/wp-json\/wp\/v2\/categories?post=23720"},{"taxonomy":"post_tag","embeddable":true,"href":"https:\/\/actusdigital.com\/fr\/wp-json\/wp\/v2\/tags?post=23720"}],"curies":[{"name":"wp","href":"https:\/\/api.w.org\/{rel}","templated":true}]}}